{"id":70,"date":"2022-06-07T09:02:00","date_gmt":"2022-06-07T12:02:00","guid":{"rendered":"http:\/\/demo.themegrill.com\/colormag\/?p=70"},"modified":"2022-12-06T05:09:14","modified_gmt":"2022-12-06T08:09:14","slug":"projeto-feira-rural","status":"publish","type":"post","link":"https:\/\/www.camposdaprimavera.com.br\/noticias\/2022\/06\/07\/projeto-feira-rural\/","title":{"rendered":"Projeto Feira Rural Campos da Primavera"},"content":{"rendered":"<p>Hoje se d\u00e1 o In\u00edcio da Confec\u00e7\u00e3o do Projeto da Feira Rural da Associa\u00e7\u00e3o de Micro Produtores Rurais Campos da Primavera.<\/p>\n","protected":false},"excerpt":{"rendered":"<p>Hoje se d\u00e1 o In\u00edcio da Confec\u00e7\u00e3o do Projeto da Feira Rural da Associa\u00e7\u00e3o de Micro Produtores Rurais Campos da<\/p>\n","protected":false},"author":1,"featured_media":500,"comment_status":"closed","ping_status":"closed","sticky":false,"template":"","format":"standard","meta":{"colormag_page_container_layout":"default_layout","colormag_page_sidebar_layout":"default_layout","footnotes":""},"categories":[29,45],"tags":[43,44,38,42,41],"class_list":["post-70","post","type-post","status-publish","format-standard","has-post-thumbnail","hentry","category-feira-rural","category-ultimas-noticias","tag-agricultura-familiar","tag-feira","tag-feira-rural","tag-londrina","tag-projeto"],"_links":{"self":[{"href":"https:\/\/www.camposdaprimavera.com.br\/noticias\/wp-json\/wp\/v2\/posts\/70","targetHints":{"allow":["GET"]}}],"collection":[{"href":"https:\/\/www.camposdaprimavera.com.br\/noticias\/wp-json\/wp\/v2\/posts"}],"about":[{"href":"https:\/\/www.camposdaprimavera.com.br\/noticias\/wp-json\/wp\/v2\/types\/post"}],"author":[{"embeddable":true,"href":"https:\/\/www.camposdaprimavera.com.br\/noticias\/wp-json\/wp\/v2\/users\/1"}],"replies":[{"embeddable":true,"href":"https:\/\/www.camposdaprimavera.com.br\/noticias\/wp-json\/wp\/v2\/comments?post=70"}],"version-history":[{"count":2,"href":"https:\/\/www.camposdaprimavera.com.br\/noticias\/wp-json\/wp\/v2\/posts\/70\/revisions"}],"predecessor-version":[{"id":545,"href":"https:\/\/www.camposdaprimavera.com.br\/noticias\/wp-json\/wp\/v2\/posts\/70\/revisions\/545"}],"wp:featuredmedia":[{"embeddable":true,"href":"https:\/\/www.camposdaprimavera.com.br\/noticias\/wp-json\/wp\/v2\/media\/500"}],"wp:attachment":[{"href":"https:\/\/www.camposdaprimavera.com.br\/noticias\/wp-json\/wp\/v2\/media?parent=70"}],"wp:term":[{"taxonomy":"category","embeddable":true,"href":"https:\/\/www.camposdaprimavera.com.br\/noticias\/wp-json\/wp\/v2\/categories?post=70"},{"taxonomy":"post_tag","embeddable":true,"href":"https:\/\/www.camposdaprimavera.com.br\/noticias\/wp-json\/wp\/v2\/tags?post=70"}],"curies":[{"name":"wp","href":"https:\/\/api.w.org\/{rel}","templated":true}]}}