{"id":645,"date":"2024-07-01T09:58:35","date_gmt":"2024-07-01T12:58:35","guid":{"rendered":"https:\/\/www.camposdaprimavera.com.br\/noticias\/?p=645"},"modified":"2024-07-01T10:39:03","modified_gmt":"2024-07-01T13:39:03","slug":"edital-informativo-exclusao-de-quotas","status":"publish","type":"post","link":"https:\/\/www.camposdaprimavera.com.br\/noticias\/2024\/07\/01\/edital-informativo-exclusao-de-quotas\/","title":{"rendered":"EDITAL INFORMATIVO: Exclus\u00e3o de Quotas"},"content":{"rendered":"\n<p>A Associa\u00e7\u00e3o de Micro Produtores Rurais Campos da Primavera, atrav\u00e9s de sua Presidente Fundadora, PATRICIA GRAZIELA DE MELO, atrav\u00e9s do presente edital informativo, INFORMA:<br>A exclus\u00e3o das quotas: RCP00040 e RCP00128. Por motivo de inadimplemento das taxas de associa\u00e7\u00e3o, ap\u00f3s diversas tentativas de cobran\u00e7a e notifica\u00e7\u00e3o de exclus\u00e3o da quota respeitando o prazo do Estatuto da Associa\u00e7\u00e3o sem resposta de defesa a ser julgada pela mesa diretora ou em assembleia.<\/p>\n\n\n\n<p><strong>Cumpridos os prazos do Estatuto e aguardando por mais 10 dias al\u00e9m do prazo do Estatuto, damos por exclu\u00eddas as quotas acima citadas<\/strong>.<br>Como as quotas n\u00e3o foram quitadas com a empresa Xitano Incorporadora LTDA, respons\u00e1vel pela venda das quotas da associa\u00e7\u00e3o, essas retornar\u00e3o para a empresa para venda futura.<\/p>\n\n\n\n<p>EDITAL: <a href=\"https:\/\/www.camposdaprimavera.com.br\/associacao\/editais\/EDITAL_INFORMATIVO-20240701-AD.pdf\">EDITAL_INFORMATIVO-20240701-AD.pdf<\/a><\/p>\n","protected":false},"excerpt":{"rendered":"<p>A Associa\u00e7\u00e3o de Micro Produtores Rurais Campos da Primavera, atrav\u00e9s de sua Presidente Fundadora, PATRICIA GRAZIELA DE MELO, atrav\u00e9s do<\/p>\n","protected":false},"author":1,"featured_media":476,"comment_status":"closed","ping_status":"closed","sticky":false,"template":"","format":"standard","meta":{"colormag_page_container_layout":"default_layout","colormag_page_sidebar_layout":"default_layout","footnotes":""},"categories":[63],"tags":[35,64],"class_list":["post-645","post","type-post","status-publish","format-standard","has-post-thumbnail","hentry","category-editais-informativos","tag-edital","tag-informativo"],"_links":{"self":[{"href":"https:\/\/www.camposdaprimavera.com.br\/noticias\/wp-json\/wp\/v2\/posts\/645","targetHints":{"allow":["GET"]}}],"collection":[{"href":"https:\/\/www.camposdaprimavera.com.br\/noticias\/wp-json\/wp\/v2\/posts"}],"about":[{"href":"https:\/\/www.camposdaprimavera.com.br\/noticias\/wp-json\/wp\/v2\/types\/post"}],"author":[{"embeddable":true,"href":"https:\/\/www.camposdaprimavera.com.br\/noticias\/wp-json\/wp\/v2\/users\/1"}],"replies":[{"embeddable":true,"href":"https:\/\/www.camposdaprimavera.com.br\/noticias\/wp-json\/wp\/v2\/comments?post=645"}],"version-history":[{"count":2,"href":"https:\/\/www.camposdaprimavera.com.br\/noticias\/wp-json\/wp\/v2\/posts\/645\/revisions"}],"predecessor-version":[{"id":649,"href":"https:\/\/www.camposdaprimavera.com.br\/noticias\/wp-json\/wp\/v2\/posts\/645\/revisions\/649"}],"wp:featuredmedia":[{"embeddable":true,"href":"https:\/\/www.camposdaprimavera.com.br\/noticias\/wp-json\/wp\/v2\/media\/476"}],"wp:attachment":[{"href":"https:\/\/www.camposdaprimavera.com.br\/noticias\/wp-json\/wp\/v2\/media?parent=645"}],"wp:term":[{"taxonomy":"category","embeddable":true,"href":"https:\/\/www.camposdaprimavera.com.br\/noticias\/wp-json\/wp\/v2\/categories?post=645"},{"taxonomy":"post_tag","embeddable":true,"href":"https:\/\/www.camposdaprimavera.com.br\/noticias\/wp-json\/wp\/v2\/tags?post=645"}],"curies":[{"name":"wp","href":"https:\/\/api.w.org\/{rel}","templated":true}]}}