{"id":588,"date":"2023-01-08T09:24:45","date_gmt":"2023-01-08T12:24:45","guid":{"rendered":"https:\/\/www.camposdaprimavera.com.br\/noticias\/?p=588"},"modified":"2023-05-28T17:56:01","modified_gmt":"2023-05-28T20:56:01","slug":"ata-da-assembleia-geral-extraordinaria-07-01-2023","status":"publish","type":"post","link":"https:\/\/www.camposdaprimavera.com.br\/noticias\/2023\/01\/08\/ata-da-assembleia-geral-extraordinaria-07-01-2023\/","title":{"rendered":"Ata da Assembleia Geral Extraordin\u00e1ria 07\/01\/2023"},"content":{"rendered":"\n<p>Em Anexo Ata da Assembleia de Constitui\u00e7\u00e3o Realizada em 07 de Janeiro de 2023.<\/p>\n\n\n\n<p>Anexo: <a href=\"https:\/\/www.camposdaprimavera.com.br\/associacao\/assembleias\/atas\/RCP-ASSEMBLEIA-ATA%20Assembleia%20Geral%20Extraordin%C3%A1ria%20-%2007012023%20-%20COMPLETA-ASSINADA%20ELETRONICAMENTE.pdf\">RCP-ASSEMBLEIA-ATA Assembleia Geral Extraordin\u00e1ria &#8211; 07012023 &#8211; COMPLETA-ASSINADA ELETRONICAMENTE.pdf (camposdaprimavera.com.br)<\/a><\/p>\n","protected":false},"excerpt":{"rendered":"<p>Em Anexo Ata da Assembleia de Constitui\u00e7\u00e3o Realizada em 07 de Janeiro de 2023. Anexo: RCP-ASSEMBLEIA-ATA Assembleia Geral Extraordin\u00e1ria &#8211;<\/p>\n","protected":false},"author":1,"featured_media":476,"comment_status":"closed","ping_status":"closed","sticky":false,"template":"","format":"standard","meta":{"colormag_page_container_layout":"default_layout","colormag_page_sidebar_layout":"default_layout","footnotes":""},"categories":[34,30],"tags":[40,37,46],"class_list":["post-588","post","type-post","status-publish","format-standard","has-post-thumbnail","hentry","category-assembleias","category-associacao","tag-assembleia","tag-associacao","tag-ata"],"_links":{"self":[{"href":"https:\/\/www.camposdaprimavera.com.br\/noticias\/wp-json\/wp\/v2\/posts\/588","targetHints":{"allow":["GET"]}}],"collection":[{"href":"https:\/\/www.camposdaprimavera.com.br\/noticias\/wp-json\/wp\/v2\/posts"}],"about":[{"href":"https:\/\/www.camposdaprimavera.com.br\/noticias\/wp-json\/wp\/v2\/types\/post"}],"author":[{"embeddable":true,"href":"https:\/\/www.camposdaprimavera.com.br\/noticias\/wp-json\/wp\/v2\/users\/1"}],"replies":[{"embeddable":true,"href":"https:\/\/www.camposdaprimavera.com.br\/noticias\/wp-json\/wp\/v2\/comments?post=588"}],"version-history":[{"count":1,"href":"https:\/\/www.camposdaprimavera.com.br\/noticias\/wp-json\/wp\/v2\/posts\/588\/revisions"}],"predecessor-version":[{"id":589,"href":"https:\/\/www.camposdaprimavera.com.br\/noticias\/wp-json\/wp\/v2\/posts\/588\/revisions\/589"}],"wp:featuredmedia":[{"embeddable":true,"href":"https:\/\/www.camposdaprimavera.com.br\/noticias\/wp-json\/wp\/v2\/media\/476"}],"wp:attachment":[{"href":"https:\/\/www.camposdaprimavera.com.br\/noticias\/wp-json\/wp\/v2\/media?parent=588"}],"wp:term":[{"taxonomy":"category","embeddable":true,"href":"https:\/\/www.camposdaprimavera.com.br\/noticias\/wp-json\/wp\/v2\/categories?post=588"},{"taxonomy":"post_tag","embeddable":true,"href":"https:\/\/www.camposdaprimavera.com.br\/noticias\/wp-json\/wp\/v2\/tags?post=588"}],"curies":[{"name":"wp","href":"https:\/\/api.w.org\/{rel}","templated":true}]}}