{"id":573,"date":"2022-12-27T13:16:53","date_gmt":"2022-12-27T16:16:53","guid":{"rendered":"https:\/\/www.camposdaprimavera.com.br\/noticias\/?p=573"},"modified":"2022-12-27T13:18:19","modified_gmt":"2022-12-27T16:18:19","slug":"edital-de-convocacao-de-assembleia-07-01-2023","status":"publish","type":"post","link":"https:\/\/www.camposdaprimavera.com.br\/noticias\/2022\/12\/27\/edital-de-convocacao-de-assembleia-07-01-2023\/","title":{"rendered":"Edital de Convoca\u00e7\u00e3o de Assembleia 07\/01\/2023"},"content":{"rendered":"\n<p>EDITAL DE CONVOCA\u00c7\u00c3O DE ASSEMBLEIA GERAL EXTRAORDIN\u00c1RIA DA ASSOCIA\u00c7\u00c3O DE MICRO PRODUTORES RURAIS CAMPOS DA PRIMAVERA<\/p>\n\n\n\n<p><\/p>\n\n\n\n<p>A <strong>Associa\u00e7\u00e3o de Micro Produtores Rurais Campos da Primavera (Recanto Campos da Primavera)<\/strong>, atrav\u00e9s de sua Presidente Fundadora, <strong>PATRICIA GRAZIELA DE MELO, CONVOCA<\/strong> atrav\u00e9s do presente edital, todos os interessados, para Assembleia Geral Extraordin\u00e1ria, que ser\u00e1 realizada na Rua Jordelino Silva, S\/N (Gleba Lote 45, M\u00f3dulos A, B, C, D, E, F e G) \u2013 Jardim Primavera \u2013 Londrina\/PR, \u00e0s 16:00 horas, do dia 07 de Janeiro de 2023, com a seguinte ordem do dia:<\/p>\n\n\n\n<p><br>I. Discuss\u00e3o e Vota\u00e7\u00e3o de valores de caixa reserva da Associa\u00e7\u00e3o, parcelas e prazos para obten\u00e7\u00e3o dos valores;<br>II. Defini\u00e7\u00e3o de Sal\u00e1rio de Presidente da Associa\u00e7\u00e3o e Altera\u00e7\u00e3o no Estatuto;<br>III. Defini\u00e7\u00e3o de limite de gastos emergenciais;<br>IV. Obra emergencial para evitar congestionamento de fluxo de \u00e1gua da chuva nas QUOTAS 11, 14, 19, 22 e 27.<br>V. Contrata\u00e7\u00e3o de Software (Aplicativo) para Gest\u00e3o da Associa\u00e7\u00e3o;<\/p>\n\n\n\n<p><a href=\"https:\/\/www.camposdaprimavera.com.br\/associacao\/assembleias\/editais\/EDITAL-07012023-Convoca\u00e7\u00e3o-004-ASSINADO.pdf\" data-type=\"URL\" data-id=\"https:\/\/www.camposdaprimavera.com.br\/associacao\/assembleias\/editais\/EDITAL-07012023-Convoca\u00e7\u00e3o-004-ASSINADO.pdf\" target=\"_blank\" rel=\"noreferrer noopener\">ANEXO I &#8211; EDITAL DE CONVOCA\u00c7\u00c3O DE ASSEMBLEIA 07\/01\/2023<\/a><\/p>\n\n\n\n<p class=\"has-text-align-right\">Londrina, 27 de Dezembro de 2022.<\/p>\n\n\n\n<hr class=\"wp-block-separator has-alpha-channel-opacity\"\/>\n\n\n\n<p>________________________________________<\/p>\n\n\n\n<p>PATRICIA GRAZIELA DE MELO<br>(VERS\u00c3O ASSINADA EM FORMATO PDF NO ANEXO)<\/p>\n","protected":false},"excerpt":{"rendered":"<p>A Associa\u00e7\u00e3o de Micro Produtores Rurais Campos da Primavera (Recanto Campos da Primavera), atrav\u00e9s de sua Presidente Fundadora, PATRICIA GRAZIELA DE MELO, CONVOCA atrav\u00e9s do presente edital, todos os interessados, para Assembleia Geral Extraordin\u00e1ria<\/p>\n","protected":false},"author":1,"featured_media":475,"comment_status":"closed","ping_status":"closed","sticky":false,"template":"","format":"standard","meta":{"colormag_page_container_layout":"default_layout","colormag_page_sidebar_layout":"default_layout","footnotes":""},"categories":[30,31],"tags":[40,37,48,35],"class_list":["post-573","post","type-post","status-publish","format-standard","has-post-thumbnail","hentry","category-associacao","category-editais-convocacao","tag-assembleia","tag-associacao","tag-editais","tag-edital"],"_links":{"self":[{"href":"https:\/\/www.camposdaprimavera.com.br\/noticias\/wp-json\/wp\/v2\/posts\/573","targetHints":{"allow":["GET"]}}],"collection":[{"href":"https:\/\/www.camposdaprimavera.com.br\/noticias\/wp-json\/wp\/v2\/posts"}],"about":[{"href":"https:\/\/www.camposdaprimavera.com.br\/noticias\/wp-json\/wp\/v2\/types\/post"}],"author":[{"embeddable":true,"href":"https:\/\/www.camposdaprimavera.com.br\/noticias\/wp-json\/wp\/v2\/users\/1"}],"replies":[{"embeddable":true,"href":"https:\/\/www.camposdaprimavera.com.br\/noticias\/wp-json\/wp\/v2\/comments?post=573"}],"version-history":[{"count":2,"href":"https:\/\/www.camposdaprimavera.com.br\/noticias\/wp-json\/wp\/v2\/posts\/573\/revisions"}],"predecessor-version":[{"id":575,"href":"https:\/\/www.camposdaprimavera.com.br\/noticias\/wp-json\/wp\/v2\/posts\/573\/revisions\/575"}],"wp:featuredmedia":[{"embeddable":true,"href":"https:\/\/www.camposdaprimavera.com.br\/noticias\/wp-json\/wp\/v2\/media\/475"}],"wp:attachment":[{"href":"https:\/\/www.camposdaprimavera.com.br\/noticias\/wp-json\/wp\/v2\/media?parent=573"}],"wp:term":[{"taxonomy":"category","embeddable":true,"href":"https:\/\/www.camposdaprimavera.com.br\/noticias\/wp-json\/wp\/v2\/categories?post=573"},{"taxonomy":"post_tag","embeddable":true,"href":"https:\/\/www.camposdaprimavera.com.br\/noticias\/wp-json\/wp\/v2\/tags?post=573"}],"curies":[{"name":"wp","href":"https:\/\/api.w.org\/{rel}","templated":true}]}}