{"id":538,"date":"2020-10-05T11:41:00","date_gmt":"2020-10-05T14:41:00","guid":{"rendered":"https:\/\/www.camposdaprimavera.com.br\/noticias\/?p=538"},"modified":"2022-12-06T06:21:56","modified_gmt":"2022-12-06T09:21:56","slug":"edital-de-convocacao-de-assembleia","status":"publish","type":"post","link":"https:\/\/www.camposdaprimavera.com.br\/noticias\/2020\/10\/05\/edital-de-convocacao-de-assembleia\/","title":{"rendered":"Edital de Convoca\u00e7\u00e3o de Assembleia 12\/10\/2020"},"content":{"rendered":"\n<p><strong>EDITAL DE CONVOCA\u00c7\u00c3O DE ASSEMBLEIA GERAL EXTRAORDIN\u00c1RIA DA ASSOCIA\u00c7\u00c3O DE MICRO PRODUTORES RURAIS CAMPOS DA PRIMAVERA<\/strong><\/p>\n\n\n\n<p>A <strong>Associa\u00e7\u00e3o de Micro Produtores Rurais Campos da Primavera<\/strong>, atrav\u00e9s de sua Presidente Fundadora, <strong>PATRICIA GRAZIELA DE MELO<\/strong>, <strong>CONVOCA<\/strong> atrav\u00e9s do presente edital, todos os interessados, para Assembleia Geral Extraordin\u00e1ria, que ser\u00e1 realizada na Rua Jayme Americano, 900 \u2013 Bairro Calif\u00f3rnia \u2013 Londrina\/PR, \u00e0s 19:30 horas, do dia 12 de Outubro de 2020, com a seguinte ordem do dia:<\/p>\n\n\n\n<ol class=\"wp-block-list\" type=\"I\">\n<li>Discuss\u00e3o e Aprova\u00e7\u00e3o das localiza\u00e7\u00f5es e numera\u00e7\u00f5es das QUOTAS, \u00e1rea de uso privativo das QUOTAS, servid\u00f5es de passagem, \u00e1rea de preserva\u00e7\u00e3o permanente e planta do lote de terras da Associa\u00e7\u00e3o com as caracter\u00edsticas anteriores.<\/li>\n\n\n\n<li>Discuss\u00e3o e Aprova\u00e7\u00e3o das altera\u00e7\u00f5es necess\u00e1rias no Regimento Interno com apontamentos das necessidades da mesa diretora e associados<\/li>\n<\/ol>\n\n\n\n<p class=\"has-text-align-right\">Londrina, 05 de Outubro de 2020.<\/p>\n\n\n\n<p><\/p>\n","protected":false},"excerpt":{"rendered":"<p>Edital De Convoca\u00e7\u00e3o De Assembleia Geral Extraordin\u00e1ria Da Associa\u00e7\u00e3o De Micro Produtores Rurais Campos Da Primavera<\/p>\n","protected":false},"author":1,"featured_media":476,"comment_status":"closed","ping_status":"closed","sticky":false,"template":"","format":"standard","meta":{"colormag_page_container_layout":"default_layout","colormag_page_sidebar_layout":"default_layout","footnotes":""},"categories":[30,31],"tags":[40,39,35],"class_list":["post-538","post","type-post","status-publish","format-standard","has-post-thumbnail","hentry","category-associacao","category-editais-convocacao","tag-assembleia","tag-convocacao","tag-edital"],"_links":{"self":[{"href":"https:\/\/www.camposdaprimavera.com.br\/noticias\/wp-json\/wp\/v2\/posts\/538","targetHints":{"allow":["GET"]}}],"collection":[{"href":"https:\/\/www.camposdaprimavera.com.br\/noticias\/wp-json\/wp\/v2\/posts"}],"about":[{"href":"https:\/\/www.camposdaprimavera.com.br\/noticias\/wp-json\/wp\/v2\/types\/post"}],"author":[{"embeddable":true,"href":"https:\/\/www.camposdaprimavera.com.br\/noticias\/wp-json\/wp\/v2\/users\/1"}],"replies":[{"embeddable":true,"href":"https:\/\/www.camposdaprimavera.com.br\/noticias\/wp-json\/wp\/v2\/comments?post=538"}],"version-history":[{"count":3,"href":"https:\/\/www.camposdaprimavera.com.br\/noticias\/wp-json\/wp\/v2\/posts\/538\/revisions"}],"predecessor-version":[{"id":567,"href":"https:\/\/www.camposdaprimavera.com.br\/noticias\/wp-json\/wp\/v2\/posts\/538\/revisions\/567"}],"wp:featuredmedia":[{"embeddable":true,"href":"https:\/\/www.camposdaprimavera.com.br\/noticias\/wp-json\/wp\/v2\/media\/476"}],"wp:attachment":[{"href":"https:\/\/www.camposdaprimavera.com.br\/noticias\/wp-json\/wp\/v2\/media?parent=538"}],"wp:term":[{"taxonomy":"category","embeddable":true,"href":"https:\/\/www.camposdaprimavera.com.br\/noticias\/wp-json\/wp\/v2\/categories?post=538"},{"taxonomy":"post_tag","embeddable":true,"href":"https:\/\/www.camposdaprimavera.com.br\/noticias\/wp-json\/wp\/v2\/tags?post=538"}],"curies":[{"name":"wp","href":"https:\/\/api.w.org\/{rel}","templated":true}]}}