{"id":387,"date":"2020-09-15T11:24:00","date_gmt":"2020-09-15T14:24:00","guid":{"rendered":"http:\/\/demo.themegrill.com\/colormag\/?p=151"},"modified":"2022-12-27T13:17:38","modified_gmt":"2022-12-27T16:17:38","slug":"edital-convocacao-assembleia","status":"publish","type":"post","link":"https:\/\/www.camposdaprimavera.com.br\/noticias\/2020\/09\/15\/edital-convocacao-assembleia\/","title":{"rendered":"Edital de Convoca\u00e7\u00e3o de Assembleia 02\/10\/2020"},"content":{"rendered":"<p><strong>EDITAL DE CONVOCA\u00c7\u00c3O DE ASSEMBLEIA GERAL EXTRAORDIN\u00c1RIA PARA CONSTITUI\u00c7\u00c3O DE ASSOCIA\u00c7\u00c3O E ELEI\u00c7\u00c3O DA DIRETORIA EXECUTIVA, CONSELHO DE ADMINISTRA\u00c7\u00c3O, CONSELHO FISCAL E ADMISS\u00c3O DE NOVOS ASSOCIADOS DA ASSOCIA\u00c7\u00c3O DE MICRO PRODUTORES RURAIS CAMPOS DA PRIMAVERA<\/strong><\/p>\n<p>A futura <strong>Associa\u00e7\u00e3o de Micro Produtores Rurais Campos da Primavera<\/strong>, atrav\u00e9s de seu Proponente Fundador, devidamente representado por <strong>ANDR\u00c9 LUIZ DE AZEVEDO<\/strong>, <strong>CONVOCA<\/strong> atrav\u00e9s do presente edital, todos os interessados, para Assembleia Geral Extraordin\u00e1ria, que ser\u00e1 realizada na Rua Jayme Americano, 900 \u2013 Bairro Calif\u00f3rnia \u2013 Londrina\/PR, \u00e0s 19:30 horas, do dia 02 de Outubro de 2020, com a seguinte ordem do dia:<\/p>\n<ol>\n<li>Constitui\u00e7\u00e3o da Associa\u00e7\u00e3o, Discuss\u00e3o e Aprova\u00e7\u00e3o do Nome, Ep\u00edteto e Logotipo da Associa\u00e7\u00e3o;<\/li>\n<li>Discuss\u00e3o e Aprova\u00e7\u00e3o do Estatuto da Associa\u00e7\u00e3o;<\/li>\n<li>Discuss\u00e3o e Aprova\u00e7\u00e3o do Regimento Interno da Associa\u00e7\u00e3o;<\/li>\n<li>Elei\u00e7\u00e3o e Pose dos Membros da Administra\u00e7\u00e3o da Associa\u00e7\u00e3o;<\/li>\n<li>Contrata\u00e7\u00e3o da empresa XITANO INCORPORADORA LTDA para realiza\u00e7\u00e3o das benfeitorias da Associa\u00e7\u00e3o em formato de Incorpora\u00e7\u00e3o Imobili\u00e1ria.<\/li>\n<\/ol>\n<p style=\"text-align: right;\">Londrina, 15 de Setembro de 2020.<\/p>\n","protected":false},"excerpt":{"rendered":"<p>Edital De Convoca\u00e7\u00e3o De Assembleia Geral Extraordin\u00e1ria Para Constitui\u00e7\u00e3o De Associa\u00e7\u00e3o E Elei\u00e7\u00e3o Da Diretoria Executiva, Conselho De Administra\u00e7\u00e3o, Conselho Fiscal E Admiss\u00e3o De Novos Associados Da Associa\u00e7\u00e3o De Micro Produtores Rurais Campos Da Primavera<\/p>\n","protected":false},"author":1,"featured_media":475,"comment_status":"open","ping_status":"closed","sticky":false,"template":"","format":"standard","meta":{"colormag_page_container_layout":"default_layout","colormag_page_sidebar_layout":"default_layout","footnotes":""},"categories":[30,31],"tags":[37,36,35],"class_list":["post-387","post","type-post","status-publish","format-standard","has-post-thumbnail","hentry","category-associacao","category-editais-convocacao","tag-associacao","tag-constituicao","tag-edital"],"_links":{"self":[{"href":"https:\/\/www.camposdaprimavera.com.br\/noticias\/wp-json\/wp\/v2\/posts\/387","targetHints":{"allow":["GET"]}}],"collection":[{"href":"https:\/\/www.camposdaprimavera.com.br\/noticias\/wp-json\/wp\/v2\/posts"}],"about":[{"href":"https:\/\/www.camposdaprimavera.com.br\/noticias\/wp-json\/wp\/v2\/types\/post"}],"author":[{"embeddable":true,"href":"https:\/\/www.camposdaprimavera.com.br\/noticias\/wp-json\/wp\/v2\/users\/1"}],"replies":[{"embeddable":true,"href":"https:\/\/www.camposdaprimavera.com.br\/noticias\/wp-json\/wp\/v2\/comments?post=387"}],"version-history":[{"count":7,"href":"https:\/\/www.camposdaprimavera.com.br\/noticias\/wp-json\/wp\/v2\/posts\/387\/revisions"}],"predecessor-version":[{"id":565,"href":"https:\/\/www.camposdaprimavera.com.br\/noticias\/wp-json\/wp\/v2\/posts\/387\/revisions\/565"}],"wp:featuredmedia":[{"embeddable":true,"href":"https:\/\/www.camposdaprimavera.com.br\/noticias\/wp-json\/wp\/v2\/media\/475"}],"wp:attachment":[{"href":"https:\/\/www.camposdaprimavera.com.br\/noticias\/wp-json\/wp\/v2\/media?parent=387"}],"wp:term":[{"taxonomy":"category","embeddable":true,"href":"https:\/\/www.camposdaprimavera.com.br\/noticias\/wp-json\/wp\/v2\/categories?post=387"},{"taxonomy":"post_tag","embeddable":true,"href":"https:\/\/www.camposdaprimavera.com.br\/noticias\/wp-json\/wp\/v2\/tags?post=387"}],"curies":[{"name":"wp","href":"https:\/\/api.w.org\/{rel}","templated":true}]}}